{"id":200,"date":"2014-12-29T12:16:09","date_gmt":"2014-12-29T11:16:09","guid":{"rendered":"http:\/\/espanavision.com\/blog\/?p=200"},"modified":"2015-02-08T21:40:24","modified_gmt":"2015-02-08T20:40:24","slug":"los-25-pueblos-mas-bonitos-de-espana","status":"publish","type":"post","link":"https:\/\/espanavision.com\/blog\/los-25-pueblos-mas-bonitos-de-espana\/","title":{"rendered":"Los 25 Pueblos m\u00e1s bonitos de Espa\u00f1a"},"content":{"rendered":"<div class=\"separator\" style=\"text-align: justify;\">Fuente:<a href=\"http:\/\/www.losviajesdedomi.com\/2014\/08\/los-25-pueblos-mas-bonitos-de-espana.html\" target=\"_blank\"> Los viajes de Domi.<\/a><\/div>\n<div class=\"separator\" style=\"text-align: justify;\">Espa\u00f1a est\u00e1 repleta de decenas de rincones tan m\u00e1gicos como bellos. Teniendo en cuenta que no est\u00e1n todos los que son; hemos elaborado un listado de los que podr\u00edan ser los 25 pueblos m\u00e1s bonitos de Espa\u00f1a.<\/div>\n<div class=\"separator\" style=\"text-align: justify;\"><\/div>\n<div class=\"separator\" style=\"text-align: justify;\"><b>1- RONDA<\/b><\/div>\n<div class=\"separator\" style=\"text-align: justify;\"><\/div>\n<div class=\"separator\" style=\"text-align: justify;\"><\/div>\n<div class=\"separator\" style=\"text-align: justify;\">Situada en plena serran\u00eda, al noroeste de la provincia de M\u00e1laga, (Espa\u00f1a). Este municipio de tradici\u00f3n torera est\u00e1 situado en un entorno privilegiado.\u00a0<a href=\"http:\/\/www.losviajesdedomi.com\/2014\/01\/ronda-el-balcon-de-andalucia.html\" target=\"_blank\">Ronda<\/a>\u00a0asoma a un enorme y espectacular precipicio, lo que la convierte en uno de los pueblos m\u00e1s bonitos de Espa\u00f1a, ocupando la primera posici\u00f3n en este ranking.<\/div>\n<div class=\"separator\" style=\"text-align: justify;\"><\/div>\n<div class=\"separator\" style=\"text-align: justify;\"><\/div>\n<div class=\"separator\" style=\"text-align: justify;\"><a href=\"http:\/\/3.bp.blogspot.com\/-JDOnwwlhPEM\/U-QPJ2h9xbI\/AAAAAAAAEeo\/wjX-8-_TWLY\/s1600\/1002688_1473987512835411_1009298196857691591_n.jpg\"><img loading=\"lazy\" decoding=\"async\" class=\" aligncenter\" title=\"Ronda, M\u00e1laga\" src=\"http:\/\/3.bp.blogspot.com\/-JDOnwwlhPEM\/U-QPJ2h9xbI\/AAAAAAAAEeo\/wjX-8-_TWLY\/s1600\/1002688_1473987512835411_1009298196857691591_n.jpg\" alt=\"Ronda, M\u00e1laga\" width=\"640\" height=\"414\" border=\"0\" \/><\/a><\/div>\n<div class=\"separator\" style=\"text-align: justify;\"><\/div>\n<div class=\"separator\" style=\"text-align: justify;\"><\/div>\n<div class=\"separator\" style=\"text-align: justify;\"><\/div>\n<div class=\"separator\" style=\"text-align: justify;\"><b>2-\u00a0<\/b><b><b>\u00a0ALBARRAC\u00cdN<\/b><\/b><\/div>\n<p style=\"text-align: justify;\">Este peque\u00f1o y bonito pueblo medieval de tan solo 1.097 habitantes se encuentra en la provincia de Teruel (Espa\u00f1a). Es Monumento Nacional desde 1961; posee la Medalla de Oro al m\u00e9rito en las Bellas Artes de 1996, y se encuentra propuesto por la Unesco para ser declarado Patrimonio de la Humanidad. Al igual que Cudillero suele ocupar las primeras posiciones en todos los rankings de los pueblos m\u00e1s bonitos de Espa\u00f1a.<\/p>\n<div class=\"separator\" style=\"text-align: justify;\"><a href=\"http:\/\/1.bp.blogspot.com\/--7OBhQc_0Gc\/U9ov0Zc-faI\/AAAAAAAAESA\/v45UMbHe6R4\/s1600\/albarracin-teruel.jpg\"><img loading=\"lazy\" decoding=\"async\" class=\" aligncenter\" title=\"albarrac\u00edn, Teruel\" src=\"http:\/\/1.bp.blogspot.com\/--7OBhQc_0Gc\/U9ov0Zc-faI\/AAAAAAAAESA\/v45UMbHe6R4\/s1600\/albarracin-teruel.jpg\" alt=\"albarrac\u00edn, Teruel\" width=\"640\" height=\"448\" border=\"0\" \/><\/a><\/div>\n<div class=\"separator\" style=\"text-align: justify;\"><\/div>\n<div class=\"separator\" style=\"text-align: justify;\"><b>3- CUDILLERO<\/b><\/div>\n<div class=\"separator\" style=\"text-align: justify;\"><b>\u00a0<\/b><\/div>\n<div class=\"separator\" style=\"text-align: justify;\">Cudillero es un bonito y encantador pueblo asturiano que ocupando siempre las primeras posiciones en las listas y rankings de los pueblos m\u00e1s bonitos de Espa\u00f1a,\u00a0. Cuenta con un fascinante puerto desde donde se contempla \u00abEl anfiteatro\u00bb, es decir las bonitas casas de colores entre las cuales hay que caminar para saborear el encanto de Cudillero.<\/div>\n<div class=\"separator\" style=\"text-align: justify;\"><\/div>\n<div class=\"separator\" style=\"text-align: justify;\"><a href=\"http:\/\/2.bp.blogspot.com\/-dykpcCF9oDY\/U-QMPc80XAI\/AAAAAAAAEeM\/511XAvxBGjM\/s1600\/Cudillero.jpg\"><img loading=\"lazy\" decoding=\"async\" class=\" aligncenter\" title=\"Cudillero Asturias\" src=\"http:\/\/2.bp.blogspot.com\/-dykpcCF9oDY\/U-QMPc80XAI\/AAAAAAAAEeM\/511XAvxBGjM\/s1600\/Cudillero.jpg\" alt=\"Cudillero Asturias\" width=\"640\" height=\"350\" border=\"0\" \/><\/a><\/div>\n<div class=\"separator\" style=\"text-align: justify;\"><\/div>\n<div class=\"separator\" style=\"text-align: justify;\"><\/div>\n<div class=\"separator\" style=\"text-align: justify;\"><b>4- HONDARRIBIA<\/b><\/div>\n<div class=\"separator\" style=\"text-align: justify;\"><b>\u00a0<\/b><\/div>\n<div class=\"separator\" style=\"text-align: justify;\">Hondarribia se sit\u00faa en el Pa\u00eds Vasco, frente a la gran desembocadura del Bidasoa, a pocos kil\u00f3metros de Francia.\u00a0Dentro de sus murallas del siglo XV encontrar\u00e9is estrechas y empinadas callejuelas, preciosas casitas coloridas de pescadores con balcones de madera llenos de flores, adem\u00e1s de imponentes mansiones con fachadas barrocas. Si todo esto fuera poco, Hondarribia posee uno de los puertos m\u00e1s bonitos y espectaculares de Espa\u00f1a.<\/div>\n<div class=\"separator\" style=\"text-align: justify;\"><\/div>\n<div class=\"separator\" style=\"text-align: justify;\"><a href=\"http:\/\/1.bp.blogspot.com\/-5cKoccwZumg\/U-QJYLFCrvI\/AAAAAAAAEeA\/YP9HJdnl5PI\/s1600\/hondarribia.jpg\"><img loading=\"lazy\" decoding=\"async\" class=\" aligncenter\" title=\"Hondarribia, Pa\u00eds Vasco\" src=\"http:\/\/1.bp.blogspot.com\/-5cKoccwZumg\/U-QJYLFCrvI\/AAAAAAAAEeA\/YP9HJdnl5PI\/s1600\/hondarribia.jpg\" alt=\"Hondarribia, Pa\u00eds Vasco\" width=\"640\" height=\"478\" border=\"0\" \/><\/a><\/div>\n<div class=\"separator\" style=\"text-align: justify;\"><\/div>\n<div class=\"separator\" style=\"text-align: justify;\"><\/div>\n<div class=\"separator\" style=\"text-align: justify;\"><\/div>\n<div class=\"separator\" style=\"text-align: justify;\"><b>5- SANTILLANA DEL MAR<\/b><br \/>\n<b><br \/>\n<\/b>Santillana del Mar es una de las localidades de mayor valor hist\u00f3rico-art\u00edstico de Espa\u00f1a y el principal foco de atenci\u00f3n tur\u00edstica de Cantabria. Fue declarada conjunto hist\u00f3rico-art\u00edstico en 1889. No hay que olvidar que en sus inmediaciones se encuentra la cueva de Altamira, protegida como Patrimonio de la Humanidad. Desde julio de 2013, Santillana del Mar forma parte de la red \u00abLos pueblos m\u00e1s bonitos de Espa\u00f1a\u00bb.<\/div>\n<div class=\"separator\" style=\"text-align: justify;\"><\/div>\n<div class=\"separator\" style=\"text-align: justify;\"><a href=\"http:\/\/1.bp.blogspot.com\/-QCE2i-LYpaw\/U-QF8ayyvvI\/AAAAAAAAEd0\/BMTJlSqlJeQ\/s1600\/santillana-del-mar.jpg\"><img loading=\"lazy\" decoding=\"async\" class=\" aligncenter\" title=\"SANTILLANA DEL MAR CANTABRIA\" src=\"http:\/\/1.bp.blogspot.com\/-QCE2i-LYpaw\/U-QF8ayyvvI\/AAAAAAAAEd0\/BMTJlSqlJeQ\/s1600\/santillana-del-mar.jpg\" alt=\"SANTILLANA DEL MAR CANTABRIA\" width=\"640\" height=\"420\" border=\"0\" \/><\/a><\/div>\n<div class=\"separator\" style=\"text-align: justify;\"><\/div>\n<div class=\"separator\" style=\"text-align: justify;\"><\/div>\n<div class=\"separator\" style=\"text-align: justify;\"><\/div>\n<div class=\"separator\" style=\"text-align: justify;\"><b>6- LA ALBERCA<\/b><br \/>\n<b><br \/>\n<\/b>La Alberca es un pueblo de ensue\u00f1o, no s\u00f3lo por sus construcciones monta\u00f1esas levantadas con piedras sostenidas con entramados de madera, sino porque pocos municipios han sabido conservar sus fiestas y tradiciones como este.\u00a0Situada en un entorno privilegiado, en plena Sierra de Francia-Quilamas, en la provincia de Salamanca, este fant\u00e1stico pueblo bien merece una visita ya que es sin duda uno de los m\u00e1s bonitos de Espa\u00f1a.<\/div>\n<div class=\"separator\" style=\"text-align: justify;\"><a href=\"http:\/\/2.bp.blogspot.com\/-bHgyWNRTxPU\/U-QDnILpyfI\/AAAAAAAAEdg\/7t7arfDjqUw\/s1600\/la+alberca.jpg\"><img loading=\"lazy\" decoding=\"async\" class=\" aligncenter\" title=\"La Alberca, Salamanca\" src=\"http:\/\/2.bp.blogspot.com\/-bHgyWNRTxPU\/U-QDnILpyfI\/AAAAAAAAEdg\/7t7arfDjqUw\/s1600\/la+alberca.jpg\" alt=\"La Alberca, Salamanca\" width=\"640\" height=\"428\" border=\"0\" \/><\/a><\/div>\n<div class=\"separator\" style=\"text-align: justify;\"><\/div>\n<div class=\"separator\" style=\"text-align: justify;\"><\/div>\n<div class=\"separator\" style=\"text-align: justify;\"><b>7- CASTELLFOLLIT DE LA ROCA<\/b><br \/>\n<b><br \/>\n<\/b>Situado en la provincia de Girona, este espectacular y bonito pueblo es uno de los m\u00e1s peque\u00f1os de Espa\u00f1a. El pueblo se asienta sobre una impresionante pared de basalto. La iglesia y las casas cuelgan sobre la pared bas\u00e1ltica al borde del precipicio; esta imagen se ha convertido en una de las m\u00e1s fotografiadas y pintadas de Catalu\u00f1a. Tambi\u00e9n es un magn\u00edfico mirador natural desde el cual se pueden observar los valles colindantes.<\/div>\n<div class=\"separator\" style=\"text-align: justify;\"><a href=\"http:\/\/1.bp.blogspot.com\/-xG8aFA_0FHc\/U-P9ZH8I1BI\/AAAAAAAAEdA\/66BSofCxx6k\/s1600\/castellfollit_de_la_roca.jpg\"><img loading=\"lazy\" decoding=\"async\" class=\" aligncenter\" title=\"CASTELLFOLLIT DE LA ROCA GIRONA\" src=\"http:\/\/1.bp.blogspot.com\/-xG8aFA_0FHc\/U-P9ZH8I1BI\/AAAAAAAAEdA\/66BSofCxx6k\/s1600\/castellfollit_de_la_roca.jpg\" alt=\"CASTELLFOLLIT DE LA ROCA GIRONA\" width=\"640\" height=\"420\" border=\"0\" \/><\/a><\/div>\n<div class=\"separator\" style=\"text-align: justify;\"><\/div>\n<div class=\"separator\" style=\"text-align: justify;\"><\/div>\n<div class=\"separator\" style=\"text-align: justify;\"><b>8- BESAL\u00da<\/b><br \/>\n<b><br \/>\n<\/b>Besal\u00fa es una poblaci\u00f3n medieval situada a 150 metros de altitud en la provincia de Girona. Caminar por sus calles te har\u00e1 detenerte en el tiempo. Estas, junto con sus piedras y su arquitectura se entremezclan para crear uno de los pueblos medievales mejores conservados y m\u00e1s bonitos de Espa\u00f1a.<\/p>\n<div class=\"separator\"><a href=\"http:\/\/1.bp.blogspot.com\/-e4P0-lQ2pzQ\/U-P9sp1bw7I\/AAAAAAAAEdI\/KaBCEsEIWD4\/s1600\/besalu.jpg\"><img loading=\"lazy\" decoding=\"async\" class=\" aligncenter\" title=\"Besal\u00fa, Girona\" src=\"http:\/\/1.bp.blogspot.com\/-e4P0-lQ2pzQ\/U-P9sp1bw7I\/AAAAAAAAEdI\/KaBCEsEIWD4\/s1600\/besalu.jpg\" alt=\"Besal\u00fa, Girona\" width=\"640\" height=\"408\" border=\"0\" \/><\/a><\/div>\n<div class=\"separator\"><\/div>\n<div class=\"separator\"><\/div>\n<div class=\"separator\"><b>9- VEJER DE LA FRONTERA<\/b><br \/>\n<b><br \/>\n<\/b>Vejer de la Frontera es el pueblo m\u00e1s conocido de los llamados \u00abPueblos Blancos\u00bb de la provincia de C\u00e1diz. Su bonito n\u00facleo urbano se encuentra enclavado en una monta\u00f1a con 200 metros sobre el nivel del mar y a 8 kil\u00f3metros de la costa, a orillas del r\u00edo Barbate. Cuenta con un bell\u00edsimo centro hist\u00f3rico amurallado, que a\u00fan conserva el castillo y varias iglesias significativas.<\/p>\n<div class=\"separator\"><a href=\"http:\/\/2.bp.blogspot.com\/-5JFWenwErfU\/U-P3OW50FlI\/AAAAAAAAEcg\/9AbTS9gwWOY\/s1600\/vejer.jpg\"><img loading=\"lazy\" decoding=\"async\" class=\" aligncenter\" title=\"Vejer de la Frontera, C\u00e1diz\" src=\"http:\/\/2.bp.blogspot.com\/-5JFWenwErfU\/U-P3OW50FlI\/AAAAAAAAEcg\/9AbTS9gwWOY\/s1600\/vejer.jpg\" alt=\"Vejer de la Frontera, C\u00e1diz\" width=\"640\" height=\"480\" border=\"0\" \/><\/a><\/div>\n<div class=\"separator\"><\/div>\n<div class=\"separator\"><\/div>\n<div class=\"separator\">\n<p><b>10- PRIEGO DE C\u00d3RDOBA<\/b><\/p>\n<p>Perteneciente a la provincia de C\u00f3rdoba, como su mismo nombre indica,\u00a0Priego de C\u00f3rdoba es llamada \u00abCiudad del agua\u00bb por la multitud de manantiales que brotan en su entorno y \u00abJoya del Barroco Cordob\u00e9s\u00bb por el n\u00famero de construcciones de estilo barroco que posee. Recorrer las callejuelas del bello barrio de la Villa admirando sus flores y respirando su esencia 100% andaluza, no tiene precio. Absoluto merecedor de pertenecer a la lista de los 25 pueblos m\u00e1s bonitos de Espa\u00f1a.<\/p>\n<div class=\"separator\"><\/div>\n<div class=\"separator\"><a href=\"http:\/\/3.bp.blogspot.com\/-l5tVvY3d7ok\/U-Pz0smMQEI\/AAAAAAAAEcI\/VAkR3TFWYJ8\/s1600\/Priego-de-Cordoba.jpg\"><img loading=\"lazy\" decoding=\"async\" class=\" aligncenter\" title=\"Priego de c\u00f3rdoba, C\u00f3rdoba\" src=\"http:\/\/3.bp.blogspot.com\/-l5tVvY3d7ok\/U-Pz0smMQEI\/AAAAAAAAEcI\/VAkR3TFWYJ8\/s1600\/Priego-de-Cordoba.jpg\" alt=\"Priego de c\u00f3rdoba, C\u00f3rdoba\" width=\"640\" height=\"480\" border=\"0\" \/><\/a><\/div>\n<div class=\"separator\"><\/div>\n<div class=\"separator\"><\/div>\n<div class=\"separator\"><b>11- OLITE<\/b><br \/>\n<b><br \/>\n<\/b>La localidad medieval de Olite la localizamos en Navarra. No solo es conocida por la belleza de sus calles medievales, sino tambi\u00e9n por poseer un aut\u00e9ntico castillo de cuento, convirtiendo a Olite en unos de los pueblos m\u00e1s bonitos de Espa\u00f1a.<\/p>\n<table class=\"tr-caption-container\" cellspacing=\"0\" cellpadding=\"0\" align=\"center\">\n<tbody>\n<tr>\n<td><a href=\"http:\/\/3.bp.blogspot.com\/-e4ItQq9K_74\/U-P_rzIB1fI\/AAAAAAAAEdU\/u9OU5Ccifsg\/s1600\/olite.jpg\"><img loading=\"lazy\" decoding=\"async\" class=\" aligncenter\" title=\"Olite, Navarra\" src=\"http:\/\/3.bp.blogspot.com\/-e4ItQq9K_74\/U-P_rzIB1fI\/AAAAAAAAEdU\/u9OU5Ccifsg\/s1600\/olite.jpg\" alt=\"Olite, Navarra\" width=\"640\" height=\"428\" border=\"0\" \/><\/a><\/td>\n<\/tr>\n<\/tbody>\n<\/table>\n<p>&nbsp;<\/p>\n<p><b>12- SETENIL DE LAS BODEGAS<\/b><br \/>\n<b><br \/>\n<\/b>Esta espectacular y original localidad gaditana os sorprender\u00e1 nada m\u00e1s llegar. La diferencia con el resto de pueblos blancos de la zona es que\u00a0buena parte de sus viviendas se hayan \u00abconstruidas\u00bb bajo un saliente de roca. El municipio es atravesado por un r\u00edo, en los margenes de este sit\u00faan las conocidas \u00abCalle Sol\u00bb y \u00abCalle Sombra\u00bb, ya que por su situaci\u00f3n solo una de ellas recibe los rayos del sol.<\/p>\n<div class=\"separator\"><a href=\"http:\/\/2.bp.blogspot.com\/-AWhNgLdU3vI\/U-NMPawqDXI\/AAAAAAAAEbw\/w-IIezfVQ4c\/s1600\/big_spain_082_setenil_de_las_bodegas_10.jpg\"><img loading=\"lazy\" decoding=\"async\" class=\" aligncenter\" title=\"Setenil de la Bodegas, C\u00e1diz\" src=\"http:\/\/2.bp.blogspot.com\/-AWhNgLdU3vI\/U-NMPawqDXI\/AAAAAAAAEbw\/w-IIezfVQ4c\/s1600\/big_spain_082_setenil_de_las_bodegas_10.jpg\" alt=\"Setenil de la Bodegas, C\u00e1diz\" width=\"640\" height=\"480\" border=\"0\" \/><\/a><\/div>\n<div class=\"separator\"><\/div>\n<div class=\"separator\"><b>13- FR\u00cdAS<\/b><br \/>\n<b><br \/>\n<\/b>Situada a orillas del Ebro en su paso por la provincia de Burgos, esta bella localidad medieval te trasladar\u00e1 al pasado. Est\u00e1 coronada por el fant\u00e1stico castillo de los Velasco y la iglesia de San Vicente. En torno a estas edificaciones \u00a0se api\u00f1an las casas colgantes que cuelgan de la roca desafiando las leyes de la gravedad. Posee el t\u00edtulo de ser la ciudad m\u00e1s peque\u00f1a de Espa\u00f1a, adem\u00e1s de una de las m\u00e1s bonitas..<\/p>\n<div class=\"separator\"><a href=\"http:\/\/4.bp.blogspot.com\/-CpAWxkMAFLM\/U-NKUFxcXyI\/AAAAAAAAEbk\/KFtieoWcGoY\/s1600\/frias.jpg\"><img loading=\"lazy\" decoding=\"async\" class=\" aligncenter\" title=\"Fr\u00edas, Burgos\" src=\"http:\/\/4.bp.blogspot.com\/-CpAWxkMAFLM\/U-NKUFxcXyI\/AAAAAAAAEbk\/KFtieoWcGoY\/s1600\/frias.jpg\" alt=\"Fr\u00edas, Burgos\" width=\"640\" height=\"426\" border=\"0\" \/><\/a><\/div>\n<div class=\"separator\"><\/div>\n<div class=\"separator\"><\/div>\n<div class=\"separator\"><b>14- A\u00cdNSA<\/b><br \/>\n<b><br \/>\n<\/b>El precioso municipio medieval de A\u00ednsa est\u00e1 situado en el alto Pirineo de Huesca, en la comarca del Sobrarbe. El casco hist\u00f3rico de A\u00ednsa est\u00e1 declarado Conjunto Hist\u00f3rico-Art\u00edstico desde 1965. Actualmente es un centro tur\u00edstico de relevancia y uno de los pueblos m\u00e1s bonitos de Espa\u00f1a.<\/p>\n<div class=\"separator\"><a href=\"http:\/\/2.bp.blogspot.com\/-8g7WbFYfE5Y\/U-NIuVnfnyI\/AAAAAAAAEbY\/i9tLcN_KoPw\/s1600\/pueblo-medieval-de-ainsa_7563413.jpg\"><img loading=\"lazy\" decoding=\"async\" class=\" aligncenter\" title=\"A\u00ednsa , Huesca\" src=\"http:\/\/2.bp.blogspot.com\/-8g7WbFYfE5Y\/U-NIuVnfnyI\/AAAAAAAAEbY\/i9tLcN_KoPw\/s1600\/pueblo-medieval-de-ainsa_7563413.jpg\" alt=\"A\u00ednsa , Huesca\" width=\"640\" height=\"478\" border=\"0\" \/><\/a><\/div>\n<div class=\"separator\"><\/div>\n<div class=\"separator\"><\/div>\n<div class=\"separator\"><\/div>\n<div class=\"separator\"><b>15- LASTRES<\/b><br \/>\n<b><br \/>\n<\/b>Esta preciosa villa localizada en el Principado de Asturias\u00a0cuyo casco hist\u00f3rico ha sido declarado Bien de Inter\u00e9s Cultural con categor\u00eda de Conjunto Hist\u00f3rico, es uno de los pueblos m\u00e1s bonitos de Espa\u00f1a. Se sit\u00faa en un bello acantilado y se desciende hasta el puerto por una serie de\u00a0calles tortuosas, estrechas y empinadas.<\/p>\n<div class=\"separator\"><a href=\"http:\/\/2.bp.blogspot.com\/-gZJ9QRYiJG8\/U-NHZPIeHbI\/AAAAAAAAEbM\/vsqKZaaScVg\/s1600\/Lastres-Asturias.jpg\"><img loading=\"lazy\" decoding=\"async\" class=\" aligncenter\" title=\"Lastres Asturias\" src=\"http:\/\/2.bp.blogspot.com\/-gZJ9QRYiJG8\/U-NHZPIeHbI\/AAAAAAAAEbM\/vsqKZaaScVg\/s1600\/Lastres-Asturias.jpg\" alt=\"Lastres Asturias\" width=\"640\" height=\"412\" border=\"0\" \/><\/a><\/div>\n<div class=\"separator\"><\/div>\n<div class=\"separator\"><\/div>\n<div class=\"separator\"><\/div>\n<div class=\"separator\"><b>16-\u00a0<\/b><b>\u00a0OLVERA<\/b><br \/>\n<b><br \/>\n<\/b>Olvera es un maravilloso pueblo con ra\u00edces \u00e1rabes situado en la Sierra de C\u00e1diz. Este bonito pueblo podr\u00eda ser la t\u00edpica imagen que tenemos todos del perfecto pueblo andaluz; todo blanco con su iglesia y un castillo, adem\u00e1s de un monasterio a las afueras que realmente merece la pena visitar.\u00a0Por su t\u00e9rmino municipal trascurre la V\u00eda Verde de la Sierra, la \u00fanica ruta declarada de inter\u00e9s tur\u00edstico de Andaluc\u00eda y considerada la mejor v\u00eda verde de Europa en los a\u00f1os 2005 y 2009.\u00a0La localidad se encuentra declarada conjunto hist\u00f3rico-art\u00edstico desde el a\u00f1o 1983.<\/div>\n<div class=\"separator\"><\/div>\n<div class=\"separator\">\n<div class=\"separator\"><a href=\"http:\/\/4.bp.blogspot.com\/-k4XpAivbZHE\/U-M9zMZqFzI\/AAAAAAAAEaY\/hFHurqfgaFo\/s1600\/olvera.jpg\"><img loading=\"lazy\" decoding=\"async\" class=\" aligncenter\" title=\"Olvera, C\u00e1diz\" src=\"http:\/\/4.bp.blogspot.com\/-k4XpAivbZHE\/U-M9zMZqFzI\/AAAAAAAAEaY\/hFHurqfgaFo\/s1600\/olvera.jpg\" alt=\"Olvera, C\u00e1diz\" width=\"640\" height=\"480\" border=\"0\" \/><\/a><\/div>\n<div class=\"separator\"><\/div>\n<div class=\"separator\"><\/div>\n<div class=\"separator\"><\/div>\n<div class=\"separator\"><b>17- SALLENT DE G\u00c1LLEGO<\/b><br \/>\n<b><br \/>\n<\/b>Sallent de G\u00e1llego es el t\u00edpico pueblo del Pirineo Aragon\u00e9s. Situado\u00a0a orillas del Embalse de Lanuza y al pie de las m\u00e1s altas cumbres de la cordillera, muy cerca ya de la frontera con Francia. Por su entorno e indiscutible belleza es digno merecedor de pertenecer a este listado.<\/div>\n<div class=\"separator\"><\/div>\n<div class=\"separator\">\n<div class=\"separator\"><a href=\"http:\/\/3.bp.blogspot.com\/-cSvUJtr3eZc\/U-P1bp4nZmI\/AAAAAAAAEcU\/MWGb42HhQfQ\/s1600\/Sallent+de+gallego.JPG\"><img loading=\"lazy\" decoding=\"async\" class=\" aligncenter\" title=\"SALLENT DE G\u00c1LLEGO ARAG\u00d3N\" src=\"http:\/\/3.bp.blogspot.com\/-cSvUJtr3eZc\/U-P1bp4nZmI\/AAAAAAAAEcU\/MWGb42HhQfQ\/s1600\/Sallent+de+gallego.JPG\" alt=\"SALLENT DE G\u00c1LLEGO ARAG\u00d3N\" width=\"640\" height=\"426\" border=\"0\" \/><\/a><\/div>\n<\/div>\n<\/div>\n<div class=\"separator\"><\/div>\n<div class=\"separator\"><\/div>\n<div class=\"separator\"><b>18- EL BURGO DE OSMA<\/b><br \/>\n<b><br \/>\n<\/b>Situada en la provincia de Soria, es centro comarcal de servicios de la comarca de Tierras del Burgo. Este bello municipio fue declarado Villa de Inter\u00e9s Tur\u00edstico en 1962 y Conjunto Hist\u00f3rico-Art\u00edstico en 1993. Esta considerado uno de los pueblos m\u00e1s bonitos de Espa\u00f1a.<\/div>\n<div class=\"separator\"><\/div>\n<div class=\"separator\">\n<div class=\"separator\"><\/div>\n<div class=\"separator\"><a href=\"http:\/\/2.bp.blogspot.com\/-OZKvc8y-tQk\/U-NDIv6MFqI\/AAAAAAAAEaw\/VFETcRi_BPs\/s1600\/el-burgo-de-osma_97118.jpg\"><img loading=\"lazy\" decoding=\"async\" class=\" aligncenter\" title=\"EL BURGO DE OSMA; SORIA\" src=\"http:\/\/2.bp.blogspot.com\/-OZKvc8y-tQk\/U-NDIv6MFqI\/AAAAAAAAEaw\/VFETcRi_BPs\/s1600\/el-burgo-de-osma_97118.jpg\" alt=\"EL BURGO DE OSMA; SORIA\" width=\"640\" height=\"478\" border=\"0\" \/><\/a><\/div>\n<div class=\"separator\"><\/div>\n<div class=\"separator\"><\/div>\n<div class=\"separator\"><\/div>\n<div class=\"separator\"><b>19- VALLDEMOSA<\/b><br \/>\n<b><br \/>\n<\/b>Este hermoso pueblo de origen \u00e1rabe compuesto por calles empinadas y estrechas, se sit\u00faa en la isla de Mallorca.\u00a0Su atracci\u00f3n principal es la Cartuja de Valldemosa, que fue visitada en el invierno de 1838-39 por Chopin y George Sand. Chopin compuso all\u00ed sus Preludios Op. 28 y Sand escribi\u00f3 \u00abUn invierno en Mallorca\u00bb. En la Cartuja tambi\u00e9n pasaron temporadas, entre otros, personajes de la talla de Rub\u00e9n Dar\u00edo, Jorge Luis Borges, Jovellanos.<\/div>\n<div class=\"separator\"><\/div>\n<div class=\"separator\">\n<div class=\"separator\"><a href=\"http:\/\/1.bp.blogspot.com\/-UKILKHLMbXI\/U-NFdzjjBrI\/AAAAAAAAEbA\/rl7SdCyJpuQ\/s1600\/valldemosa.jpg\"><img loading=\"lazy\" decoding=\"async\" class=\" aligncenter\" title=\"Valldemosa Mallorca\" src=\"http:\/\/1.bp.blogspot.com\/-UKILKHLMbXI\/U-NFdzjjBrI\/AAAAAAAAEbA\/rl7SdCyJpuQ\/s1600\/valldemosa.jpg\" alt=\"Valldemosa Mallorca\" width=\"640\" height=\"414\" border=\"0\" \/><\/a><\/div>\n<div class=\"separator\"><\/div>\n<div class=\"separator\"><\/div>\n<div class=\"separator\"><b>20- ALTEA<\/b><br \/>\n<b><br \/>\n<\/b>Este municipio costero situado en la provincia de Alicante, es considerado uno de los pueblos m\u00e1s bonitos de Espa\u00f1a.\u00a0Altea la Attal\u00e1ya de los \u00c1rabes es como su antiguo nombre indica un bello mirador sobre el Mar Mediterr\u00e1neo.<\/div>\n<div class=\"separator\"><\/div>\n<div class=\"separator\">\n<div class=\"separator\"><a href=\"http:\/\/4.bp.blogspot.com\/-unlF67r8mgM\/U-NBK1qo7tI\/AAAAAAAAEak\/VSBReVZZWl4\/s1600\/Altea3.jpg\"><img loading=\"lazy\" decoding=\"async\" class=\" aligncenter\" title=\"Altea, Alicante\" src=\"http:\/\/4.bp.blogspot.com\/-unlF67r8mgM\/U-NBK1qo7tI\/AAAAAAAAEak\/VSBReVZZWl4\/s1600\/Altea3.jpg\" alt=\"Altea, Alicante\" width=\"640\" height=\"480\" border=\"0\" \/><\/a><\/div>\n<div class=\"separator\"><\/div>\n<div class=\"separator\"><\/div>\n<div class=\"separator\"><b>21- PEDRAZA DE LA SIERRA<\/b><br \/>\n<b><br \/>\n<\/b>Esta peque\u00f1a y bonita villa medieval amurallada se sit\u00faa en la provincia de Segovia. Su poblaci\u00f3n ronda los 500 habitantes. Su cuidada rehabilitaci\u00f3n motiv\u00f3 su declaraci\u00f3n como Conjunto Hist\u00f3rico en 1951. A comienzos del mes de Julio la localidad es adornada con velas. Se apagan las luces p\u00fablicas con el fin de resaltar la iluminaci\u00f3n de las calles, ventanas, plazas, jardines y patios.<\/div>\n<div class=\"separator\"><\/div>\n<div class=\"separator\">\n<div class=\"separator\"><a href=\"http:\/\/1.bp.blogspot.com\/-7FnNhThUNGE\/U-KqLuELquI\/AAAAAAAAEZc\/3HBnT6Iv9HA\/s1600\/pedraza+de+la+sierra.jpg\"><img loading=\"lazy\" decoding=\"async\" class=\" aligncenter\" title=\"Pedraza de la Sierra, Segovia\" src=\"http:\/\/1.bp.blogspot.com\/-7FnNhThUNGE\/U-KqLuELquI\/AAAAAAAAEZc\/3HBnT6Iv9HA\/s1600\/pedraza+de+la+sierra.jpg\" alt=\"Pedraza de la Sierra, Segovia\" width=\"640\" height=\"480\" border=\"0\" \/><\/a><\/div>\n<div class=\"separator\"><\/div>\n<div class=\"separator\"><\/div>\n<div class=\"separator\">\n<div class=\"separator\"><b>22- CADAQU\u00c9S<\/b><\/div>\n<p>Este pueblo pesquero es uno de los m\u00e1s bonitos de Espa\u00f1a. Pertenece a la provincia de Girona. En \u00e9l tuvo su residencia de verano el famoso pintor surrealista Salvador Dal\u00ed. Adem\u00e1s visitaron la localidad artistas de la talla de Federico Garc\u00eda Lorca o Pablo Picasso.<\/p>\n<div class=\"separator\"><a href=\"http:\/\/3.bp.blogspot.com\/-sJnytxVjQRo\/U-KsgqR2KaI\/AAAAAAAAEZo\/WE2XYfPFy3s\/s1600\/cadaques.jpg\"><img loading=\"lazy\" decoding=\"async\" class=\" aligncenter\" title=\"Cadaqu\u00e9s Gerona\" src=\"http:\/\/3.bp.blogspot.com\/-sJnytxVjQRo\/U-KsgqR2KaI\/AAAAAAAAEZo\/WE2XYfPFy3s\/s1600\/cadaques.jpg\" alt=\"Cadaqu\u00e9s Gerona\" width=\"640\" height=\"480\" border=\"0\" \/><\/a><\/div>\n<div class=\"separator\"><\/div>\n<div class=\"separator\"><\/div>\n<div class=\"separator\"><b>23- CANDELARIO<\/b><br \/>\n<b><br \/>\n<\/b>Situado en un entorno privilegiado rodeado de monta\u00f1as. Este coqueto pueblo de monta\u00f1a salmantino conserva el encanto y la particularidades que le hacen diferente a otros lugares similares. Sin duda es uno de los pueblos m\u00e1s bonitos de Espa\u00f1a.<\/div>\n<div class=\"separator\"><\/div>\n<div class=\"separator\">\n<div class=\"separator\"><a href=\"http:\/\/4.bp.blogspot.com\/-Wlgtgm-Qi-Y\/U-QS9ytazsI\/AAAAAAAAEe8\/WPpBCh0EW3I\/s1600\/candelario+1.JPG\"><img loading=\"lazy\" decoding=\"async\" class=\" aligncenter\" title=\"Candelario Salamanca\" src=\"http:\/\/4.bp.blogspot.com\/-Wlgtgm-Qi-Y\/U-QS9ytazsI\/AAAAAAAAEe8\/WPpBCh0EW3I\/s1600\/candelario+1.JPG\" alt=\"Candelario Salamanca\" width=\"640\" height=\"440\" border=\"0\" \/><\/a><\/div>\n<div class=\"separator\"><\/div>\n<div class=\"separator\"><\/div>\n<div class=\"separator\">\n<div class=\"separator\"><b>24- PATONES DE ARRIBA<\/b><\/div>\n<p><b><br \/>\n<\/b>Situado en la provincia de Madrid. Patones de Arriba es un pueblecito t\u00edpico de la que se conoce como Arquitectura Negra, es decir sus construcciones se encuentran levantadas en base a la pizarra. Los fines de semana es visitado por decenas de turistas lo que llev\u00f3 a prohibir el acceso con veh\u00edculos al interior del pueblo.<\/p>\n<p>&nbsp;<\/p>\n<div class=\"separator\"><a href=\"http:\/\/3.bp.blogspot.com\/-RvCrc7J7Pgk\/U-KynqoGkTI\/AAAAAAAAEaA\/3lQg7S3BsHs\/s1600\/patones+de+arriba.jpg\"><img loading=\"lazy\" decoding=\"async\" class=\" aligncenter\" title=\"Patones de Arriba, Madrid\" src=\"http:\/\/3.bp.blogspot.com\/-RvCrc7J7Pgk\/U-KynqoGkTI\/AAAAAAAAEaA\/3lQg7S3BsHs\/s1600\/patones+de+arriba.jpg\" alt=\"Patones de Arriba, Madrid\" width=\"640\" height=\"428\" border=\"0\" \/><\/a><\/div>\n<div class=\"separator\"><\/div>\n<div class=\"separator\"><\/div>\n<div class=\"separator\">\n<p><b>25- COMILLAS<\/b><br \/>\n<b><br \/>\n<\/b>Localizada en la Comarca de la Costa Occidental de Cantabria. Este bonito pueblo es conocido por sus edificios medievales y barrocos, adem\u00e1s de por construcciones de artistas modernistas como Gaud\u00ed. Por razones obvias forma parte del listado de los 25 pueblos m\u00e1s bonitos de Espa\u00f1a.<\/p>\n<div class=\"separator\"><a href=\"http:\/\/3.bp.blogspot.com\/-HNWMRDeosDY\/VC3CPguupQI\/AAAAAAAAFUs\/JjrmfwwTdag\/s1600\/comillas.jpg\"><img loading=\"lazy\" decoding=\"async\" class=\" aligncenter\" title=\"comillas, Cantabria\" src=\"http:\/\/3.bp.blogspot.com\/-HNWMRDeosDY\/VC3CPguupQI\/AAAAAAAAFUs\/JjrmfwwTdag\/s1600\/comillas.jpg\" alt=\"comillas, Cantabria\" width=\"640\" height=\"460\" border=\"0\" \/><\/a><\/div>\n<div class=\"separator\"><\/div>\n<div class=\"separator\"><\/div>\n<div class=\"separator\"><\/div>\n<\/div>\n<\/div>\n<\/div>\n<\/div>\n<\/div>\n<\/div>\n<\/div>\n<\/div>\n<\/div>\n<\/div>\n<\/div>\n<\/div>\n<\/div>\n<\/div>\n<\/div>\n<p style=\"text-align: justify;\">\n","protected":false},"excerpt":{"rendered":"<p>Fuente: Los viajes de Domi. Espa\u00f1a est\u00e1 repleta de decenas de rincones tan m\u00e1gicos como bellos. Teniendo en cuenta que no est\u00e1n todos los que son; hemos elaborado un listado de los que podr\u00edan ser los 25 pueblos m\u00e1s bonitos de Espa\u00f1a. 1- RONDA Situada en plena serran\u00eda, al noroeste de la provincia de M\u00e1laga, [&hellip;]<\/p>\n","protected":false},"author":1,"featured_media":0,"comment_status":"open","ping_status":"open","sticky":false,"template":"","format":"standard","meta":{"jetpack_post_was_ever_published":false,"_jetpack_newsletter_access":"","_jetpack_dont_email_post_to_subs":false,"_jetpack_newsletter_tier_id":0,"_jetpack_memberships_contains_paywalled_content":false,"_jetpack_memberships_contains_paid_content":false,"footnotes":"","jetpack_publicize_message":"","jetpack_publicize_feature_enabled":true,"jetpack_social_post_already_shared":true,"jetpack_social_options":{"image_generator_settings":{"template":"highway","enabled":false},"version":2}},"categories":[39,73,3,90,85],"tags":[87,6,79,96,55,27,28],"class_list":["post-200","post","type-post","status-publish","format-standard","hentry","category-agencias-de-viajes-2","category-circuitos-mayores-2014-2015","category-espana-vision","category-fitur2015","category-turismo","tag-espana","tag-espanavision","tag-imserso","tag-opinones","tag-turismo-por-espana","tag-viajes-culturales","tag-viajes-en-grupos"],"jetpack_publicize_connections":[],"yoast_head":"<!-- This site is optimized with the Yoast SEO plugin v26.9 - https:\/\/yoast.com\/product\/yoast-seo-wordpress\/ -->\n<title>Los 25 pueblos m\u00e1s bonitos de Espa\u00f1a<\/title>\n<meta name=\"robots\" content=\"index, follow, max-snippet:-1, max-image-preview:large, max-video-preview:-1\" \/>\n<link rel=\"canonical\" href=\"http:\/\/espanavision.com\/blog\/los-25-pueblos-mas-bonitos-de-espana\/\" \/>\n<meta property=\"og:locale\" content=\"es_ES\" \/>\n<meta property=\"og:type\" content=\"article\" \/>\n<meta property=\"og:title\" content=\"Los 25 pueblos m\u00e1s bonitos de Espa\u00f1a\" \/>\n<meta property=\"og:description\" content=\"Fuente: Los viajes de Domi. Espa\u00f1a est\u00e1 repleta de decenas de rincones tan m\u00e1gicos como bellos. Teniendo en cuenta que no est\u00e1n todos los que son; hemos elaborado un listado de los que podr\u00edan ser los 25 pueblos m\u00e1s bonitos de Espa\u00f1a. 1- RONDA Situada en plena serran\u00eda, al noroeste de la provincia de M\u00e1laga, [&hellip;]\" \/>\n<meta property=\"og:url\" content=\"http:\/\/espanavision.com\/blog\/los-25-pueblos-mas-bonitos-de-espana\/\" \/>\n<meta property=\"og:site_name\" content=\"Espa\u00f1aVisi\u00f3n. Mayorista de viajes.\" \/>\n<meta property=\"article:publisher\" content=\"https:\/\/www.facebook.com\/Espanavisionviajes\" \/>\n<meta property=\"article:published_time\" content=\"2014-12-29T11:16:09+00:00\" \/>\n<meta property=\"article:modified_time\" content=\"2015-02-08T20:40:24+00:00\" \/>\n<meta property=\"og:image\" content=\"http:\/\/3.bp.blogspot.com\/-JDOnwwlhPEM\/U-QPJ2h9xbI\/AAAAAAAAEeo\/wjX-8-_TWLY\/s1600\/1002688_1473987512835411_1009298196857691591_n.jpg\" \/>\n<meta name=\"author\" content=\"Admin\" \/>\n<meta name=\"twitter:label1\" content=\"Escrito por\" \/>\n\t<meta name=\"twitter:data1\" content=\"Admin\" \/>\n\t<meta name=\"twitter:label2\" content=\"Tiempo de lectura\" \/>\n\t<meta name=\"twitter:data2\" content=\"9 minutos\" \/>\n<script type=\"application\/ld+json\" class=\"yoast-schema-graph\">{\"@context\":\"https:\/\/schema.org\",\"@graph\":[{\"@type\":\"Article\",\"@id\":\"http:\/\/espanavision.com\/blog\/los-25-pueblos-mas-bonitos-de-espana\/#article\",\"isPartOf\":{\"@id\":\"http:\/\/espanavision.com\/blog\/los-25-pueblos-mas-bonitos-de-espana\/\"},\"author\":{\"name\":\"Admin\",\"@id\":\"https:\/\/espanavision.com\/blog\/#\/schema\/person\/42ab091586b11e9e04bd18bc7bc9b248\"},\"headline\":\"Los 25 Pueblos m\u00e1s bonitos de Espa\u00f1a\",\"datePublished\":\"2014-12-29T11:16:09+00:00\",\"dateModified\":\"2015-02-08T20:40:24+00:00\",\"mainEntityOfPage\":{\"@id\":\"http:\/\/espanavision.com\/blog\/los-25-pueblos-mas-bonitos-de-espana\/\"},\"wordCount\":1748,\"commentCount\":0,\"image\":{\"@id\":\"http:\/\/espanavision.com\/blog\/los-25-pueblos-mas-bonitos-de-espana\/#primaryimage\"},\"thumbnailUrl\":\"http:\/\/3.bp.blogspot.com\/-JDOnwwlhPEM\/U-QPJ2h9xbI\/AAAAAAAAEeo\/wjX-8-_TWLY\/s1600\/1002688_1473987512835411_1009298196857691591_n.jpg\",\"keywords\":[\"Espa\u00f1a\",\"Espa\u00f1aVisi\u00f3n\",\"IMSERSO\",\"opinones\",\"turismo por Espa\u00f1a\",\"viajes culturales\",\"viajes en grupos\"],\"articleSection\":[\"Agencias de viajes\",\"Circuitos Mayores 2014-2015\",\"Espa\u00f1a Visi\u00f3n\",\"FITUR2015\",\"Turismo\"],\"inLanguage\":\"es\",\"potentialAction\":[{\"@type\":\"CommentAction\",\"name\":\"Comment\",\"target\":[\"http:\/\/espanavision.com\/blog\/los-25-pueblos-mas-bonitos-de-espana\/#respond\"]}]},{\"@type\":\"WebPage\",\"@id\":\"http:\/\/espanavision.com\/blog\/los-25-pueblos-mas-bonitos-de-espana\/\",\"url\":\"http:\/\/espanavision.com\/blog\/los-25-pueblos-mas-bonitos-de-espana\/\",\"name\":\"Los 25 pueblos m\u00e1s bonitos de Espa\u00f1a\",\"isPartOf\":{\"@id\":\"https:\/\/espanavision.com\/blog\/#website\"},\"primaryImageOfPage\":{\"@id\":\"http:\/\/espanavision.com\/blog\/los-25-pueblos-mas-bonitos-de-espana\/#primaryimage\"},\"image\":{\"@id\":\"http:\/\/espanavision.com\/blog\/los-25-pueblos-mas-bonitos-de-espana\/#primaryimage\"},\"thumbnailUrl\":\"http:\/\/3.bp.blogspot.com\/-JDOnwwlhPEM\/U-QPJ2h9xbI\/AAAAAAAAEeo\/wjX-8-_TWLY\/s1600\/1002688_1473987512835411_1009298196857691591_n.jpg\",\"datePublished\":\"2014-12-29T11:16:09+00:00\",\"dateModified\":\"2015-02-08T20:40:24+00:00\",\"author\":{\"@id\":\"https:\/\/espanavision.com\/blog\/#\/schema\/person\/42ab091586b11e9e04bd18bc7bc9b248\"},\"breadcrumb\":{\"@id\":\"http:\/\/espanavision.com\/blog\/los-25-pueblos-mas-bonitos-de-espana\/#breadcrumb\"},\"inLanguage\":\"es\",\"potentialAction\":[{\"@type\":\"ReadAction\",\"target\":[\"http:\/\/espanavision.com\/blog\/los-25-pueblos-mas-bonitos-de-espana\/\"]}]},{\"@type\":\"ImageObject\",\"inLanguage\":\"es\",\"@id\":\"http:\/\/espanavision.com\/blog\/los-25-pueblos-mas-bonitos-de-espana\/#primaryimage\",\"url\":\"http:\/\/3.bp.blogspot.com\/-JDOnwwlhPEM\/U-QPJ2h9xbI\/AAAAAAAAEeo\/wjX-8-_TWLY\/s1600\/1002688_1473987512835411_1009298196857691591_n.jpg\",\"contentUrl\":\"http:\/\/3.bp.blogspot.com\/-JDOnwwlhPEM\/U-QPJ2h9xbI\/AAAAAAAAEeo\/wjX-8-_TWLY\/s1600\/1002688_1473987512835411_1009298196857691591_n.jpg\"},{\"@type\":\"BreadcrumbList\",\"@id\":\"http:\/\/espanavision.com\/blog\/los-25-pueblos-mas-bonitos-de-espana\/#breadcrumb\",\"itemListElement\":[{\"@type\":\"ListItem\",\"position\":1,\"name\":\"Portada\",\"item\":\"https:\/\/espanavision.com\/blog\/\"},{\"@type\":\"ListItem\",\"position\":2,\"name\":\"Los 25 Pueblos m\u00e1s bonitos de Espa\u00f1a\"}]},{\"@type\":\"WebSite\",\"@id\":\"https:\/\/espanavision.com\/blog\/#website\",\"url\":\"https:\/\/espanavision.com\/blog\/\",\"name\":\"Espa\u00f1aVisi\u00f3n. Mayorista de viajes.\",\"description\":\"circuitos en autob\u00fas por Espa\u00f1a, Portugal, Francia.\",\"potentialAction\":[{\"@type\":\"SearchAction\",\"target\":{\"@type\":\"EntryPoint\",\"urlTemplate\":\"https:\/\/espanavision.com\/blog\/?s={search_term_string}\"},\"query-input\":{\"@type\":\"PropertyValueSpecification\",\"valueRequired\":true,\"valueName\":\"search_term_string\"}}],\"inLanguage\":\"es\"},{\"@type\":\"Person\",\"@id\":\"https:\/\/espanavision.com\/blog\/#\/schema\/person\/42ab091586b11e9e04bd18bc7bc9b248\",\"name\":\"Admin\",\"image\":{\"@type\":\"ImageObject\",\"inLanguage\":\"es\",\"@id\":\"https:\/\/espanavision.com\/blog\/#\/schema\/person\/image\/\",\"url\":\"https:\/\/secure.gravatar.com\/avatar\/5112c98cbd7d1254d37ec907beba367e91dd274f060692300ec4f948dc328cae?s=96&d=mm&r=g\",\"contentUrl\":\"https:\/\/secure.gravatar.com\/avatar\/5112c98cbd7d1254d37ec907beba367e91dd274f060692300ec4f948dc328cae?s=96&d=mm&r=g\",\"caption\":\"Admin\"},\"url\":\"https:\/\/espanavision.com\/blog\/author\/imolto\/\"}]}<\/script>\n<!-- \/ Yoast SEO plugin. -->","yoast_head_json":{"title":"Los 25 pueblos m\u00e1s bonitos de Espa\u00f1a","robots":{"index":"index","follow":"follow","max-snippet":"max-snippet:-1","max-image-preview":"max-image-preview:large","max-video-preview":"max-video-preview:-1"},"canonical":"http:\/\/espanavision.com\/blog\/los-25-pueblos-mas-bonitos-de-espana\/","og_locale":"es_ES","og_type":"article","og_title":"Los 25 pueblos m\u00e1s bonitos de Espa\u00f1a","og_description":"Fuente: Los viajes de Domi. Espa\u00f1a est\u00e1 repleta de decenas de rincones tan m\u00e1gicos como bellos. Teniendo en cuenta que no est\u00e1n todos los que son; hemos elaborado un listado de los que podr\u00edan ser los 25 pueblos m\u00e1s bonitos de Espa\u00f1a. 1- RONDA Situada en plena serran\u00eda, al noroeste de la provincia de M\u00e1laga, [&hellip;]","og_url":"http:\/\/espanavision.com\/blog\/los-25-pueblos-mas-bonitos-de-espana\/","og_site_name":"Espa\u00f1aVisi\u00f3n. Mayorista de viajes.","article_publisher":"https:\/\/www.facebook.com\/Espanavisionviajes","article_published_time":"2014-12-29T11:16:09+00:00","article_modified_time":"2015-02-08T20:40:24+00:00","og_image":[{"url":"http:\/\/3.bp.blogspot.com\/-JDOnwwlhPEM\/U-QPJ2h9xbI\/AAAAAAAAEeo\/wjX-8-_TWLY\/s1600\/1002688_1473987512835411_1009298196857691591_n.jpg","type":"","width":"","height":""}],"author":"Admin","twitter_misc":{"Escrito por":"Admin","Tiempo de lectura":"9 minutos"},"schema":{"@context":"https:\/\/schema.org","@graph":[{"@type":"Article","@id":"http:\/\/espanavision.com\/blog\/los-25-pueblos-mas-bonitos-de-espana\/#article","isPartOf":{"@id":"http:\/\/espanavision.com\/blog\/los-25-pueblos-mas-bonitos-de-espana\/"},"author":{"name":"Admin","@id":"https:\/\/espanavision.com\/blog\/#\/schema\/person\/42ab091586b11e9e04bd18bc7bc9b248"},"headline":"Los 25 Pueblos m\u00e1s bonitos de Espa\u00f1a","datePublished":"2014-12-29T11:16:09+00:00","dateModified":"2015-02-08T20:40:24+00:00","mainEntityOfPage":{"@id":"http:\/\/espanavision.com\/blog\/los-25-pueblos-mas-bonitos-de-espana\/"},"wordCount":1748,"commentCount":0,"image":{"@id":"http:\/\/espanavision.com\/blog\/los-25-pueblos-mas-bonitos-de-espana\/#primaryimage"},"thumbnailUrl":"http:\/\/3.bp.blogspot.com\/-JDOnwwlhPEM\/U-QPJ2h9xbI\/AAAAAAAAEeo\/wjX-8-_TWLY\/s1600\/1002688_1473987512835411_1009298196857691591_n.jpg","keywords":["Espa\u00f1a","Espa\u00f1aVisi\u00f3n","IMSERSO","opinones","turismo por Espa\u00f1a","viajes culturales","viajes en grupos"],"articleSection":["Agencias de viajes","Circuitos Mayores 2014-2015","Espa\u00f1a Visi\u00f3n","FITUR2015","Turismo"],"inLanguage":"es","potentialAction":[{"@type":"CommentAction","name":"Comment","target":["http:\/\/espanavision.com\/blog\/los-25-pueblos-mas-bonitos-de-espana\/#respond"]}]},{"@type":"WebPage","@id":"http:\/\/espanavision.com\/blog\/los-25-pueblos-mas-bonitos-de-espana\/","url":"http:\/\/espanavision.com\/blog\/los-25-pueblos-mas-bonitos-de-espana\/","name":"Los 25 pueblos m\u00e1s bonitos de Espa\u00f1a","isPartOf":{"@id":"https:\/\/espanavision.com\/blog\/#website"},"primaryImageOfPage":{"@id":"http:\/\/espanavision.com\/blog\/los-25-pueblos-mas-bonitos-de-espana\/#primaryimage"},"image":{"@id":"http:\/\/espanavision.com\/blog\/los-25-pueblos-mas-bonitos-de-espana\/#primaryimage"},"thumbnailUrl":"http:\/\/3.bp.blogspot.com\/-JDOnwwlhPEM\/U-QPJ2h9xbI\/AAAAAAAAEeo\/wjX-8-_TWLY\/s1600\/1002688_1473987512835411_1009298196857691591_n.jpg","datePublished":"2014-12-29T11:16:09+00:00","dateModified":"2015-02-08T20:40:24+00:00","author":{"@id":"https:\/\/espanavision.com\/blog\/#\/schema\/person\/42ab091586b11e9e04bd18bc7bc9b248"},"breadcrumb":{"@id":"http:\/\/espanavision.com\/blog\/los-25-pueblos-mas-bonitos-de-espana\/#breadcrumb"},"inLanguage":"es","potentialAction":[{"@type":"ReadAction","target":["http:\/\/espanavision.com\/blog\/los-25-pueblos-mas-bonitos-de-espana\/"]}]},{"@type":"ImageObject","inLanguage":"es","@id":"http:\/\/espanavision.com\/blog\/los-25-pueblos-mas-bonitos-de-espana\/#primaryimage","url":"http:\/\/3.bp.blogspot.com\/-JDOnwwlhPEM\/U-QPJ2h9xbI\/AAAAAAAAEeo\/wjX-8-_TWLY\/s1600\/1002688_1473987512835411_1009298196857691591_n.jpg","contentUrl":"http:\/\/3.bp.blogspot.com\/-JDOnwwlhPEM\/U-QPJ2h9xbI\/AAAAAAAAEeo\/wjX-8-_TWLY\/s1600\/1002688_1473987512835411_1009298196857691591_n.jpg"},{"@type":"BreadcrumbList","@id":"http:\/\/espanavision.com\/blog\/los-25-pueblos-mas-bonitos-de-espana\/#breadcrumb","itemListElement":[{"@type":"ListItem","position":1,"name":"Portada","item":"https:\/\/espanavision.com\/blog\/"},{"@type":"ListItem","position":2,"name":"Los 25 Pueblos m\u00e1s bonitos de Espa\u00f1a"}]},{"@type":"WebSite","@id":"https:\/\/espanavision.com\/blog\/#website","url":"https:\/\/espanavision.com\/blog\/","name":"Espa\u00f1aVisi\u00f3n. Mayorista de viajes.","description":"circuitos en autob\u00fas por Espa\u00f1a, Portugal, Francia.","potentialAction":[{"@type":"SearchAction","target":{"@type":"EntryPoint","urlTemplate":"https:\/\/espanavision.com\/blog\/?s={search_term_string}"},"query-input":{"@type":"PropertyValueSpecification","valueRequired":true,"valueName":"search_term_string"}}],"inLanguage":"es"},{"@type":"Person","@id":"https:\/\/espanavision.com\/blog\/#\/schema\/person\/42ab091586b11e9e04bd18bc7bc9b248","name":"Admin","image":{"@type":"ImageObject","inLanguage":"es","@id":"https:\/\/espanavision.com\/blog\/#\/schema\/person\/image\/","url":"https:\/\/secure.gravatar.com\/avatar\/5112c98cbd7d1254d37ec907beba367e91dd274f060692300ec4f948dc328cae?s=96&d=mm&r=g","contentUrl":"https:\/\/secure.gravatar.com\/avatar\/5112c98cbd7d1254d37ec907beba367e91dd274f060692300ec4f948dc328cae?s=96&d=mm&r=g","caption":"Admin"},"url":"https:\/\/espanavision.com\/blog\/author\/imolto\/"}]}},"jetpack_featured_media_url":"","jetpack_sharing_enabled":true,"jetpack_shortlink":"https:\/\/wp.me\/p457iN-3e","_links":{"self":[{"href":"https:\/\/espanavision.com\/blog\/wp-json\/wp\/v2\/posts\/200","targetHints":{"allow":["GET"]}}],"collection":[{"href":"https:\/\/espanavision.com\/blog\/wp-json\/wp\/v2\/posts"}],"about":[{"href":"https:\/\/espanavision.com\/blog\/wp-json\/wp\/v2\/types\/post"}],"author":[{"embeddable":true,"href":"https:\/\/espanavision.com\/blog\/wp-json\/wp\/v2\/users\/1"}],"replies":[{"embeddable":true,"href":"https:\/\/espanavision.com\/blog\/wp-json\/wp\/v2\/comments?post=200"}],"version-history":[{"count":14,"href":"https:\/\/espanavision.com\/blog\/wp-json\/wp\/v2\/posts\/200\/revisions"}],"predecessor-version":[{"id":243,"href":"https:\/\/espanavision.com\/blog\/wp-json\/wp\/v2\/posts\/200\/revisions\/243"}],"wp:attachment":[{"href":"https:\/\/espanavision.com\/blog\/wp-json\/wp\/v2\/media?parent=200"}],"wp:term":[{"taxonomy":"category","embeddable":true,"href":"https:\/\/espanavision.com\/blog\/wp-json\/wp\/v2\/categories?post=200"},{"taxonomy":"post_tag","embeddable":true,"href":"https:\/\/espanavision.com\/blog\/wp-json\/wp\/v2\/tags?post=200"}],"curies":[{"name":"wp","href":"https:\/\/api.w.org\/{rel}","templated":true}]}}